{"id":999,"date":"2024-03-25T08:41:40","date_gmt":"2024-03-25T08:41:40","guid":{"rendered":"http:\/\/clavellcanals.com\/urbanisme-i-habitatge-en-la-ciutat-construida\/"},"modified":"2026-03-09T08:05:15","modified_gmt":"2026-03-09T08:05:15","slug":"urbanisme-i-habitatge-en-la-ciutat-construida","status":"publish","type":"post","link":"https:\/\/clavellcanals.com\/es\/urbanisme-i-habitatge-en-la-ciutat-construida\/","title":{"rendered":"Urbanisme i habitatge en la ciutat constru\u00efda."},"content":{"rendered":"<div>Debat sobre les possibilitats d&#8217;obtenir habitatge assequible en les nostres ciutats ja consolidades.\u00a0 El 28 de juny es va realitzar una sessi\u00f3 espec\u00edfica al Col\u00b7legi d&#8217;Arquitectes, a la seu de Barcelona, per reflexionar entorn la proposta de l&#8217;Ajuntament de Barcelona aprovada inicialment.\u00a0 M\u00e9s enll\u00e0 de detalls, \u00e9s un clar aven\u00e7 el fet que pensem estrat\u00e8gies urban\u00edstiques per atendre les necessitats d&#8217;habitatge de la gent.\u00a0\u00a0<strong>Dolors Clavell<\/strong>\u00a0hi va participar com a defensora que la pol\u00edtica d&#8217;habitatge no pot consistir nom\u00e9s en mesures d&#8217;emerg\u00e8ncia i assistencials, sin\u00f3 que cal incidir en els aspectes m\u00e9s estructurals.\u00a0 Per aquest motiu \u00e9s important avan\u00e7ar en propostes valentes i ahora solvents, de diferents especialistes, i sobretot continuar obrint cam\u00ed en la satisfacci\u00f3 del dret a l&#8217;habitatge.<\/div>\n<div>A Youtube podeu trobar totes les intervencions de la JORNADA DE DEBAT AL COAC SOBRE L&#8217;HABITATGE PROTEGIT EN S\u00d2L URB\u00c0 CONSOLIDAT. EL CAS DE BARCELONA<\/div>\n","protected":false},"excerpt":{"rendered":"<p>Debat sobre les possibilitats d&#8217;obtenir habitatge assequible en les nostres ciutats ja consolidades.\u00a0 El 28 de juny es va realitzar una sessi\u00f3 espec\u00edfica al Col\u00b7legi d&#8217;Arquitectes, a la seu de Barcelona, per reflexionar entorn la proposta de l&#8217;Ajuntament de Barcelona aprovada inicialment.\u00a0 M\u00e9s enll\u00e0 de detalls, \u00e9s un clar aven\u00e7 el fet que pensem estrat\u00e8gies [&hellip;]<\/p>\n","protected":false},"author":1,"featured_media":1000,"comment_status":"closed","ping_status":"closed","sticky":false,"template":"","format":"standard","meta":{"_acf_changed":false,"footnotes":""},"categories":[4],"tags":[],"class_list":["post-999","post","type-post","status-publish","format-standard","has-post-thumbnail","hentry","category-actividades"],"acf":[],"yoast_head":"<!-- This site is optimized with the Yoast SEO plugin v23.9 - https:\/\/yoast.com\/wordpress\/plugins\/seo\/ -->\n<title>Urbanisme i habitatge en la ciutat constru\u00efda. - Clavell Canals Consulting<\/title>\n<meta name=\"robots\" content=\"index, follow, max-snippet:-1, max-image-preview:large, max-video-preview:-1\" \/>\n<link rel=\"canonical\" href=\"https:\/\/clavellcanals.com\/es\/urbanisme-i-habitatge-en-la-ciutat-construida\/\" \/>\n<meta property=\"og:locale\" content=\"es_ES\" \/>\n<meta property=\"og:type\" content=\"article\" \/>\n<meta property=\"og:title\" content=\"Urbanisme i habitatge en la ciutat constru\u00efda. - Clavell Canals Consulting\" \/>\n<meta property=\"og:description\" content=\"Debat sobre les possibilitats d&#8217;obtenir habitatge assequible en les nostres ciutats ja consolidades.\u00a0 El 28 de juny es va realitzar una sessi\u00f3 espec\u00edfica al Col\u00b7legi d&#8217;Arquitectes, a la seu de Barcelona, per reflexionar entorn la proposta de l&#8217;Ajuntament de Barcelona aprovada inicialment.\u00a0 M\u00e9s enll\u00e0 de detalls, \u00e9s un clar aven\u00e7 el fet que pensem estrat\u00e8gies [&hellip;]\" \/>\n<meta property=\"og:url\" content=\"https:\/\/clavellcanals.com\/es\/urbanisme-i-habitatge-en-la-ciutat-construida\/\" \/>\n<meta property=\"og:site_name\" content=\"Clavell Canals Consulting\" \/>\n<meta property=\"article:published_time\" content=\"2024-03-25T08:41:40+00:00\" \/>\n<meta property=\"article:modified_time\" content=\"2026-03-09T08:05:15+00:00\" \/>\n<meta property=\"og:image\" content=\"http:\/\/clavellcanals.com\/wp-content\/uploads\/2024\/03\/bcn_noticia-enfosquit_c6dfce65ccea8ffc9dbed781bccfda72.png\" \/>\n\t<meta property=\"og:image:width\" content=\"1080\" \/>\n\t<meta property=\"og:image:height\" content=\"668\" \/>\n\t<meta property=\"og:image:type\" content=\"image\/png\" \/>\n<meta name=\"author\" content=\"admin\" \/>\n<meta name=\"twitter:card\" content=\"summary_large_image\" \/>\n<meta name=\"twitter:label1\" content=\"Escrito por\" \/>\n\t<meta name=\"twitter:data1\" content=\"admin\" \/>\n\t<meta name=\"twitter:label2\" content=\"Tiempo de lectura\" \/>\n\t<meta name=\"twitter:data2\" content=\"1 minuto\" \/>\n<script type=\"application\/ld+json\" class=\"yoast-schema-graph\">{\"@context\":\"https:\/\/schema.org\",\"@graph\":[{\"@type\":\"WebPage\",\"@id\":\"https:\/\/clavellcanals.com\/es\/urbanisme-i-habitatge-en-la-ciutat-construida\/\",\"url\":\"https:\/\/clavellcanals.com\/es\/urbanisme-i-habitatge-en-la-ciutat-construida\/\",\"name\":\"Urbanisme i habitatge en la ciutat constru\u00efda. - Clavell Canals Consulting\",\"isPartOf\":{\"@id\":\"https:\/\/clavellcanals.com\/#website\"},\"primaryImageOfPage\":{\"@id\":\"https:\/\/clavellcanals.com\/es\/urbanisme-i-habitatge-en-la-ciutat-construida\/#primaryimage\"},\"image\":{\"@id\":\"https:\/\/clavellcanals.com\/es\/urbanisme-i-habitatge-en-la-ciutat-construida\/#primaryimage\"},\"thumbnailUrl\":\"https:\/\/clavellcanals.com\/wp-content\/uploads\/2024\/03\/bcn_noticia-enfosquit_c6dfce65ccea8ffc9dbed781bccfda72.png\",\"datePublished\":\"2024-03-25T08:41:40+00:00\",\"dateModified\":\"2026-03-09T08:05:15+00:00\",\"author\":{\"@id\":\"https:\/\/clavellcanals.com\/#\/schema\/person\/5b686d9f83affc1c61a7991b93ed54fa\"},\"breadcrumb\":{\"@id\":\"https:\/\/clavellcanals.com\/es\/urbanisme-i-habitatge-en-la-ciutat-construida\/#breadcrumb\"},\"inLanguage\":\"es\",\"potentialAction\":[{\"@type\":\"ReadAction\",\"target\":[\"https:\/\/clavellcanals.com\/es\/urbanisme-i-habitatge-en-la-ciutat-construida\/\"]}]},{\"@type\":\"ImageObject\",\"inLanguage\":\"es\",\"@id\":\"https:\/\/clavellcanals.com\/es\/urbanisme-i-habitatge-en-la-ciutat-construida\/#primaryimage\",\"url\":\"https:\/\/clavellcanals.com\/wp-content\/uploads\/2024\/03\/bcn_noticia-enfosquit_c6dfce65ccea8ffc9dbed781bccfda72.png\",\"contentUrl\":\"https:\/\/clavellcanals.com\/wp-content\/uploads\/2024\/03\/bcn_noticia-enfosquit_c6dfce65ccea8ffc9dbed781bccfda72.png\",\"width\":1080,\"height\":668},{\"@type\":\"BreadcrumbList\",\"@id\":\"https:\/\/clavellcanals.com\/es\/urbanisme-i-habitatge-en-la-ciutat-construida\/#breadcrumb\",\"itemListElement\":[{\"@type\":\"ListItem\",\"position\":1,\"name\":\"Inici\",\"item\":\"https:\/\/clavellcanals.com\/es\/\"},{\"@type\":\"ListItem\",\"position\":2,\"name\":\"Urbanisme i habitatge en la ciutat constru\u00efda.\"}]},{\"@type\":\"WebSite\",\"@id\":\"https:\/\/clavellcanals.com\/#website\",\"url\":\"https:\/\/clavellcanals.com\/\",\"name\":\"Clavell Canals Consulting\",\"description\":\"\",\"potentialAction\":[{\"@type\":\"SearchAction\",\"target\":{\"@type\":\"EntryPoint\",\"urlTemplate\":\"https:\/\/clavellcanals.com\/?s={search_term_string}\"},\"query-input\":{\"@type\":\"PropertyValueSpecification\",\"valueRequired\":true,\"valueName\":\"search_term_string\"}}],\"inLanguage\":\"es\"},{\"@type\":\"Person\",\"@id\":\"https:\/\/clavellcanals.com\/#\/schema\/person\/5b686d9f83affc1c61a7991b93ed54fa\",\"name\":\"admin\",\"image\":{\"@type\":\"ImageObject\",\"inLanguage\":\"es\",\"@id\":\"https:\/\/clavellcanals.com\/#\/schema\/person\/image\/\",\"url\":\"https:\/\/secure.gravatar.com\/avatar\/024823945e2789cdb5f5e9fd7fd9fdd3?s=96&d=mm&r=g\",\"contentUrl\":\"https:\/\/secure.gravatar.com\/avatar\/024823945e2789cdb5f5e9fd7fd9fdd3?s=96&d=mm&r=g\",\"caption\":\"admin\"},\"url\":\"https:\/\/clavellcanals.com\/es\/author\/admin-2-2-2-2-2-2-2\/\"}]}<\/script>\n<!-- \/ Yoast SEO plugin. -->","yoast_head_json":{"title":"Urbanisme i habitatge en la ciutat constru\u00efda. - Clavell Canals Consulting","robots":{"index":"index","follow":"follow","max-snippet":"max-snippet:-1","max-image-preview":"max-image-preview:large","max-video-preview":"max-video-preview:-1"},"canonical":"https:\/\/clavellcanals.com\/es\/urbanisme-i-habitatge-en-la-ciutat-construida\/","og_locale":"es_ES","og_type":"article","og_title":"Urbanisme i habitatge en la ciutat constru\u00efda. - Clavell Canals Consulting","og_description":"Debat sobre les possibilitats d&#8217;obtenir habitatge assequible en les nostres ciutats ja consolidades.\u00a0 El 28 de juny es va realitzar una sessi\u00f3 espec\u00edfica al Col\u00b7legi d&#8217;Arquitectes, a la seu de Barcelona, per reflexionar entorn la proposta de l&#8217;Ajuntament de Barcelona aprovada inicialment.\u00a0 M\u00e9s enll\u00e0 de detalls, \u00e9s un clar aven\u00e7 el fet que pensem estrat\u00e8gies [&hellip;]","og_url":"https:\/\/clavellcanals.com\/es\/urbanisme-i-habitatge-en-la-ciutat-construida\/","og_site_name":"Clavell Canals Consulting","article_published_time":"2024-03-25T08:41:40+00:00","article_modified_time":"2026-03-09T08:05:15+00:00","og_image":[{"width":1080,"height":668,"url":"http:\/\/clavellcanals.com\/wp-content\/uploads\/2024\/03\/bcn_noticia-enfosquit_c6dfce65ccea8ffc9dbed781bccfda72.png","type":"image\/png"}],"author":"admin","twitter_card":"summary_large_image","twitter_misc":{"Escrito por":"admin","Tiempo de lectura":"1 minuto"},"schema":{"@context":"https:\/\/schema.org","@graph":[{"@type":"WebPage","@id":"https:\/\/clavellcanals.com\/es\/urbanisme-i-habitatge-en-la-ciutat-construida\/","url":"https:\/\/clavellcanals.com\/es\/urbanisme-i-habitatge-en-la-ciutat-construida\/","name":"Urbanisme i habitatge en la ciutat constru\u00efda. - Clavell Canals Consulting","isPartOf":{"@id":"https:\/\/clavellcanals.com\/#website"},"primaryImageOfPage":{"@id":"https:\/\/clavellcanals.com\/es\/urbanisme-i-habitatge-en-la-ciutat-construida\/#primaryimage"},"image":{"@id":"https:\/\/clavellcanals.com\/es\/urbanisme-i-habitatge-en-la-ciutat-construida\/#primaryimage"},"thumbnailUrl":"https:\/\/clavellcanals.com\/wp-content\/uploads\/2024\/03\/bcn_noticia-enfosquit_c6dfce65ccea8ffc9dbed781bccfda72.png","datePublished":"2024-03-25T08:41:40+00:00","dateModified":"2026-03-09T08:05:15+00:00","author":{"@id":"https:\/\/clavellcanals.com\/#\/schema\/person\/5b686d9f83affc1c61a7991b93ed54fa"},"breadcrumb":{"@id":"https:\/\/clavellcanals.com\/es\/urbanisme-i-habitatge-en-la-ciutat-construida\/#breadcrumb"},"inLanguage":"es","potentialAction":[{"@type":"ReadAction","target":["https:\/\/clavellcanals.com\/es\/urbanisme-i-habitatge-en-la-ciutat-construida\/"]}]},{"@type":"ImageObject","inLanguage":"es","@id":"https:\/\/clavellcanals.com\/es\/urbanisme-i-habitatge-en-la-ciutat-construida\/#primaryimage","url":"https:\/\/clavellcanals.com\/wp-content\/uploads\/2024\/03\/bcn_noticia-enfosquit_c6dfce65ccea8ffc9dbed781bccfda72.png","contentUrl":"https:\/\/clavellcanals.com\/wp-content\/uploads\/2024\/03\/bcn_noticia-enfosquit_c6dfce65ccea8ffc9dbed781bccfda72.png","width":1080,"height":668},{"@type":"BreadcrumbList","@id":"https:\/\/clavellcanals.com\/es\/urbanisme-i-habitatge-en-la-ciutat-construida\/#breadcrumb","itemListElement":[{"@type":"ListItem","position":1,"name":"Inici","item":"https:\/\/clavellcanals.com\/es\/"},{"@type":"ListItem","position":2,"name":"Urbanisme i habitatge en la ciutat constru\u00efda."}]},{"@type":"WebSite","@id":"https:\/\/clavellcanals.com\/#website","url":"https:\/\/clavellcanals.com\/","name":"Clavell Canals Consulting","description":"","potentialAction":[{"@type":"SearchAction","target":{"@type":"EntryPoint","urlTemplate":"https:\/\/clavellcanals.com\/?s={search_term_string}"},"query-input":{"@type":"PropertyValueSpecification","valueRequired":true,"valueName":"search_term_string"}}],"inLanguage":"es"},{"@type":"Person","@id":"https:\/\/clavellcanals.com\/#\/schema\/person\/5b686d9f83affc1c61a7991b93ed54fa","name":"admin","image":{"@type":"ImageObject","inLanguage":"es","@id":"https:\/\/clavellcanals.com\/#\/schema\/person\/image\/","url":"https:\/\/secure.gravatar.com\/avatar\/024823945e2789cdb5f5e9fd7fd9fdd3?s=96&d=mm&r=g","contentUrl":"https:\/\/secure.gravatar.com\/avatar\/024823945e2789cdb5f5e9fd7fd9fdd3?s=96&d=mm&r=g","caption":"admin"},"url":"https:\/\/clavellcanals.com\/es\/author\/admin-2-2-2-2-2-2-2\/"}]}},"_links":{"self":[{"href":"https:\/\/clavellcanals.com\/es\/wp-json\/wp\/v2\/posts\/999","targetHints":{"allow":["GET"]}}],"collection":[{"href":"https:\/\/clavellcanals.com\/es\/wp-json\/wp\/v2\/posts"}],"about":[{"href":"https:\/\/clavellcanals.com\/es\/wp-json\/wp\/v2\/types\/post"}],"author":[{"embeddable":true,"href":"https:\/\/clavellcanals.com\/es\/wp-json\/wp\/v2\/users\/1"}],"replies":[{"embeddable":true,"href":"https:\/\/clavellcanals.com\/es\/wp-json\/wp\/v2\/comments?post=999"}],"version-history":[{"count":1,"href":"https:\/\/clavellcanals.com\/es\/wp-json\/wp\/v2\/posts\/999\/revisions"}],"predecessor-version":[{"id":1680,"href":"https:\/\/clavellcanals.com\/es\/wp-json\/wp\/v2\/posts\/999\/revisions\/1680"}],"wp:featuredmedia":[{"embeddable":true,"href":"https:\/\/clavellcanals.com\/es\/wp-json\/wp\/v2\/media\/1000"}],"wp:attachment":[{"href":"https:\/\/clavellcanals.com\/es\/wp-json\/wp\/v2\/media?parent=999"}],"wp:term":[{"taxonomy":"category","embeddable":true,"href":"https:\/\/clavellcanals.com\/es\/wp-json\/wp\/v2\/categories?post=999"},{"taxonomy":"post_tag","embeddable":true,"href":"https:\/\/clavellcanals.com\/es\/wp-json\/wp\/v2\/tags?post=999"}],"curies":[{"name":"wp","href":"https:\/\/api.w.org\/{rel}","templated":true}]}}